{"id":10623,"date":"2023-05-25T15:43:00","date_gmt":"2023-05-25T13:43:00","guid":{"rendered":"https:\/\/hsnordhausen.artemis.wpspace.me\/hsn\/pm-archive\/hochschule-nordhausen-foerdert-perspektivwechsel-in-der-lehre\/"},"modified":"2024-11-06T15:09:08","modified_gmt":"2024-11-06T14:09:08","slug":"nordhausen-university-of-applied-sciences-promotes-change-of-perspective-in-teaching-2","status":"publish","type":"pressemitteilungen","link":"https:\/\/www.hs-nordhausen.de\/en\/pressemitteilungen\/hochschule-nordhausen-foerdert-perspektivwechsel-in-der-lehre\/","title":{"rendered":"Nordhausen University of Applied Sciences promotes a change of perspective in teaching"},"content":{"rendered":"<div id=\"centerContent\">\n<div id=\"c2734\" class=\"frame frame-default frame-type-list frame-layout-0\">\n<div class=\"frame-inner\">\n<div class=\"frame-content\">\n<div class=\"newsSingle\">\n<div class=\"article\">\n<div class=\"newsSingleItem\">\n<div class=\"header\"><\/div>\n<div class=\"footer\">\n<p class=\"dataline\"><!-- date --><span class=\"date\"><br \/>\n25.05.2023<br \/>\n<\/span><\/p>\n<\/div>\n<p><!-- teaser --><\/p>\n<div class=\"shorttext\">\n<p>Die Hochschule Nordhausen startete am 24. Mai mit dem ersten Tag der Lehre ein spannendes Projekt. Unter dem Motto &#8222;Perspektivwechsel: aus den eigenen Reihen&#8220; sollten Lehrende und Mitarbeitende die M\u00f6glichkeit erhalten, sich inspirieren zu lassen, Anregungen zu bekommen und sich auszutauschen.<\/p>\n<\/div>\n<p><!-- media files --><\/p>\n<div class=\"news-img-wrap news-img-wrap-single\">\n<div class=\"outer\">\n<div class=\"mediaelement mediaelement-image mediaelement-image-single\"><a class=\"lightbox\" title=\"Die Vizepr\u00e4sidentin f\u00fcr Studium und Lehre, Prof. Dr. Cordula Borbe, er\u00f6ffnet den ersten Tag der Lehre an der Hochschule Nordhausen (Foto: Tina Bergknapp)\" href=\"..\/..\/..\/..\/..\/fileadmin\/_processed_\/1\/6\/csm_Tag_der_Lehre_8dfa391473.jpg\" rel=\"lightbox[myImageSet]\" data-group=\"newsItemGallery\"><img decoding=\"async\" title=\"Die Vizepr\u00e4sidentin f\u00fcr Studium und Lehre, Prof. Dr. Cordula Borbe, er\u00f6ffnet den ersten Tag der Lehre an der Hochschule Nordhausen (Foto: Tina Bergknapp)\" src=\"..\/..\/..\/..\/..\/fileadmin\/_processed_\/1\/6\/csm_Tag_der_Lehre_af403ce712.jpg\" alt=\"H\u00f6rsaal mit Menschen\" width=\"640\" height=\"480\" \/><\/a><\/div>\n<p class=\"news-img-caption\">Die Vizepr\u00e4sidentin f\u00fcr Studium und Lehre, Prof. Dr. Cordula Borbe, er\u00f6ffnet den ersten Tag der Lehre an der Hochschule Nordhausen (Foto: Tina Bergknapp)<\/p>\n<\/div>\n<\/div>\n<p><!-- main text --><\/p>\n<div class=\"text\">\n<p>Im Rahmen des \u201eTag der Lehre\u201c an der Hochschule Nordhausen wurden Fachbereiche, Studienbereiche und Lehrende zusammengebracht, um miteinander ins Gespr\u00e4ch zu kommen. Das Programm umfasste eine Vielzahl von Angeboten. Insgesamt 17 Lehrende boten in drei Kategorien 45-min\u00fctige Workshops an, die sich mit Didaktik- und Methodenwerkst\u00e4tten, Lehrkonzepten und dem Tagesgesch\u00e4ft befassten.<\/p>\n<p>Die Hochschule Nordhausen m\u00f6chte mit diesem Projekt die Lehre in den Mittelpunkt r\u00fccken, da diese vor enormen Herausforderungen steht; wie der digitalen Transformation und den Auswirkungen der Pandemie. Austausch innerhalb der Studieng\u00e4nge und Fachbereiche zu erm\u00f6glichen, um zukunftsf\u00e4hige Studieng\u00e4nge zu entwickeln, Forschungsprojekte anzusto\u00dfen oder sich einfach inspirieren zu lassen von den Methoden der Kolleginnen und Kollegen \u2013 all das waren die Ziele des Tages. Nach drei herausfordernden Jahren durch die Corona-Pandemie bot das Projekt die M\u00f6glichkeit zu einer Innenschau und Bestandsaufnahme, um die Lehre weiterzuentwickeln und zu verbessern.<\/p>\n<p>Ein auff\u00e4lliges Motiv des Projekts ist das Zusammenspiel von Fuchs und Hase. Diese Antagonisten repr\u00e4sentieren &#8222;Economist&#8220;, &#8222;Social Scientist&#8220; und &#8222;Engineer&#8220;, die sich im Verlauf des Projekts n\u00e4herkommen und voneinander lernen. Die 45-min\u00fctigen Einheiten boten verschiedene Formate an. Im Bereich &#8222;Inspirierendes Tagesgesch\u00e4ft&#8220; hatten Lehrende die M\u00f6glichkeit, die Struktur, Methoden, Ans\u00e4tze und Theorien von Lehrveranstaltungen anderer Studieng\u00e4nge kennenzulernen. Bei den &#8222;Didaktik &amp; Methodenwerkst\u00e4tten&#8220; konnten Impulse gegeben werden, um didaktische Ans\u00e4tze, Lehreinheiten und Interaktionsm\u00f6glichkeiten anderer Kolleginnen und Kollegen zu erkunden.<\/p>\n<p>Als Dankesch\u00f6n f\u00fcr ihre Bereitschaft, etwas anzubieten, erhielten alle Teilnehmerinnen und Teilnehmer \u201eaus den eigenen Reihen\u201c eine Stunde der Zeit einer Kollegin oder eines Kollegen der Hochschule Nordhausen.<\/p>\n<p>Der Tag der Lehre wurde vom Referat f\u00fcr Studium &amp; Lehre in Zusammenarbeit mit dem e-Team und dem Lehrbeirat der Hochschule umgesetzt.<\/p>\n<\/div>\n<p><!-- Info-Box unter Praxispartner Duales Studium - Praxis Plus --><\/p>\n<\/div>\n<\/div>\n<\/div>\n<\/div>\n<\/div>\n<\/div>\n<\/div>\n","protected":false},"excerpt":{"rendered":"<p>25.05.2023 Die Hochschule Nordhausen startete am 24. Mai mit dem ersten Tag der Lehre ein spannendes Projekt. Unter dem Motto &#8222;Perspektivwechsel: aus den eigenen Reihen&#8220; sollten Lehrende und Mitarbeitende die M\u00f6glichkeit erhalten, sich inspirieren zu lassen, Anregungen zu bekommen und sich auszutauschen. Die Vizepr\u00e4sidentin f\u00fcr Studium und Lehre, Prof. Dr. Cordula Borbe, er\u00f6ffnet den ersten [&hellip;]<\/p>\n","protected":false},"featured_media":25900,"template":"","meta":{"_piecal_is_recurring":false,"_piecal_recurring_interval":1,"_piecal_recurring_frequency":"","_piecal_recurring_exact_position":false,"_piecal_recurring_end":"","_piecal_color":"","_piecal_text_color":"","_piecal_global_color_master":false,"_piecal_rsets":"[]","_piecal_is_event":true,"_piecal_start_date":"2023-05-25T21:57:24","_piecal_end_date":"","_piecal_is_allday":true,"greyd_block_editor_preview":[],"pgc_sgb_lightbox_settings":""},"pressemitteilungen_category":[1288],"pressemitteilungen_tag":[],"zielgruppen":[],"kontakt-zuordnung":[],"projekt":[],"studienbereich":[],"institut-oder-einric":[],"stg-zuordnung":[],"fachbereich":[],"wf_pressemitteilungen_folders":[1289],"ppma_author":[1400],"class_list":["post-10623","pressemitteilungen","type-pressemitteilungen","status-publish","has-post-thumbnail","hentry","pressemitteilungen_category-pm-archiv"],"publishpress_future_workflow_manual_trigger":{"enabledWorkflows":[]},"_links":{"self":[{"href":"https:\/\/www.hs-nordhausen.de\/en\/wp-json\/wp\/v2\/pressemitteilungen\/10623","targetHints":{"allow":["GET"]}}],"collection":[{"href":"https:\/\/www.hs-nordhausen.de\/en\/wp-json\/wp\/v2\/pressemitteilungen"}],"about":[{"href":"https:\/\/www.hs-nordhausen.de\/en\/wp-json\/wp\/v2\/types\/pressemitteilungen"}],"wp:featuredmedia":[{"embeddable":true,"href":"https:\/\/www.hs-nordhausen.de\/en\/wp-json\/wp\/v2\/media\/25900"}],"wp:attachment":[{"href":"https:\/\/www.hs-nordhausen.de\/en\/wp-json\/wp\/v2\/media?parent=10623"}],"wp:term":[{"taxonomy":"pressemitteilungen_category","embeddable":true,"href":"https:\/\/www.hs-nordhausen.de\/en\/wp-json\/wp\/v2\/pressemitteilungen_category?post=10623"},{"taxonomy":"pressemitteilungen_tag","embeddable":true,"href":"https:\/\/www.hs-nordhausen.de\/en\/wp-json\/wp\/v2\/pressemitteilungen_tag?post=10623"},{"taxonomy":"zielgruppen","embeddable":true,"href":"https:\/\/www.hs-nordhausen.de\/en\/wp-json\/wp\/v2\/zielgruppen?post=10623"},{"taxonomy":"kontakt-zuordnung","embeddable":true,"href":"https:\/\/www.hs-nordhausen.de\/en\/wp-json\/wp\/v2\/kontakt-zuordnung?post=10623"},{"taxonomy":"projekt","embeddable":true,"href":"https:\/\/www.hs-nordhausen.de\/en\/wp-json\/wp\/v2\/projekt?post=10623"},{"taxonomy":"studienbereich","embeddable":true,"href":"https:\/\/www.hs-nordhausen.de\/en\/wp-json\/wp\/v2\/studienbereich?post=10623"},{"taxonomy":"institut-oder-einric","embeddable":true,"href":"https:\/\/www.hs-nordhausen.de\/en\/wp-json\/wp\/v2\/institut-oder-einric?post=10623"},{"taxonomy":"stg-zuordnung","embeddable":true,"href":"https:\/\/www.hs-nordhausen.de\/en\/wp-json\/wp\/v2\/stg-zuordnung?post=10623"},{"taxonomy":"fachbereich","embeddable":true,"href":"https:\/\/www.hs-nordhausen.de\/en\/wp-json\/wp\/v2\/fachbereich?post=10623"},{"taxonomy":"wf_pressemitteilungen_folders","embeddable":true,"href":"https:\/\/www.hs-nordhausen.de\/en\/wp-json\/wp\/v2\/wf_pressemitteilungen_folders?post=10623"},{"taxonomy":"author","embeddable":true,"href":"https:\/\/www.hs-nordhausen.de\/en\/wp-json\/wp\/v2\/ppma_author?post=10623"}],"curies":[{"name":"wp","href":"https:\/\/api.w.org\/{rel}","templated":true}]}}